[{"@context":"https:\/\/schema.org\/","@type":"Article","@id":"https:\/\/www.iret.cz\/co-se-deje-v-nejvetsi-horske-tvrzi-v-evrope-zjisti-a-presvedc-se-sam\/#Article","mainEntityOfPage":"https:\/\/www.iret.cz\/co-se-deje-v-nejvetsi-horske-tvrzi-v-evrope-zjisti-a-presvedc-se-sam\/","headline":"Co se d\u011bje v nejv\u011bt\u0161\u00ed horsk\u00e9 tvrzi v Evrop\u011b? Zjisti a p\u0159esv\u011bd\u010d se s\u00e1m","name":"Co se d\u011bje v nejv\u011bt\u0161\u00ed horsk\u00e9 tvrzi v Evrop\u011b? Zjisti a p\u0159esv\u011bd\u010d se s\u00e1m","description":"Tvrz St\u0159\u00edbrn\u00e1 hora se nach\u00e1z\u00ed v malebn\u00e9 sudetsk\u00e9 krajin\u011b, jde o monument\u00e1ln\u00ed obrann\u00e9 d\u00edlo, maj\u00edc\u00ed sv\u00e9 ko\u0159eny v XVIII stolet\u00ed. Tvrz byla vybudov\u00e1na na z\u00e1klad\u011b rozhodnut\u00ed prusk\u00e9ho kr\u00e1le Fridricha II a m\u011bla chr\u00e1nit stretegicky d\u016fle\u017eit\u00e9 oblasti a pos\u00edlit ji\u017en\u00ed hranici Prusk\u00e9ho st\u00e1tu. Jej\u00ed konstrukce se op\u00edrala o nejmodern\u011bj\u0161\u00ed fortifika\u010dn\u00ed \u0159e\u0161en\u00ed, jako jsou bastiony, p\u0159\u00edkopy a ... <a title=\"Co se d\u011bje v nejv\u011bt\u0161\u00ed horsk\u00e9 tvrzi v Evrop\u011b? Zjisti a p\u0159esv\u011bd\u010d se s\u00e1m\" class=\"read-more\" href=\"https:\/\/www.iret.cz\/co-se-deje-v-nejvetsi-horske-tvrzi-v-evrope-zjisti-a-presvedc-se-sam\/\">Read more<span class=\"screen-reader-text\">Co se d\u011bje v nejv\u011bt\u0161\u00ed horsk\u00e9 tvrzi v Evrop\u011b? Zjisti a p\u0159esv\u011bd\u010d se s\u00e1m<\/span><\/a>","datePublished":"2023-09-14","dateModified":"2023-09-21","author":{"@type":"Person","@id":"https:\/\/www.iret.cz\/author\/#Person","name":"","url":"https:\/\/www.iret.cz\/author\/","identifier":1,"image":{"@type":"ImageObject","@id":"https:\/\/secure.gravatar.com\/avatar\/9478c3014fb8763e2a18691ad6bf83eff86429738afad80df8227ac472865e36?s=96&d=mm&r=g","url":"https:\/\/secure.gravatar.com\/avatar\/9478c3014fb8763e2a18691ad6bf83eff86429738afad80df8227ac472865e36?s=96&d=mm&r=g","height":96,"width":96}},"publisher":{"@type":"Organization","name":"iret.cz","logo":{"@type":"ImageObject","@id":"\/logo.png","url":"\/logo.png","width":600,"height":60}},"image":{"@type":"ImageObject","@id":"https:\/\/www.iret.cz\/wp-content\/uploads\/evropska_unie_m5YJZC.jpg","url":"https:\/\/www.iret.cz\/wp-content\/uploads\/evropska_unie_m5YJZC.jpg","height":0,"width":0},"url":"https:\/\/www.iret.cz\/co-se-deje-v-nejvetsi-horske-tvrzi-v-evrope-zjisti-a-presvedc-se-sam\/","about":["Kultura"],"wordCount":902,"articleBody":"      Tvrz St\u0159\u00edbrn\u00e1 hora se nach\u00e1z\u00ed v malebn\u00e9 sudetsk\u00e9 krajin\u011b, jde o monument\u00e1ln\u00ed obrann\u00e9 d\u00edlo, maj\u00edc\u00ed sv\u00e9 ko\u0159eny v XVIII stolet\u00ed. Tvrz byla vybudov\u00e1na na z\u00e1klad\u011b rozhodnut\u00ed prusk\u00e9ho kr\u00e1le Fridricha II a m\u011bla chr\u00e1nit stretegicky d\u016fle\u017eit\u00e9 oblasti a pos\u00edlit ji\u017en\u00ed hranici Prusk\u00e9ho st\u00e1tu. Jej\u00ed konstrukce se op\u00edrala o nejmodern\u011bj\u0161\u00ed fortifika\u010dn\u00ed \u0159e\u0161en\u00ed, jako jsou bastiony, p\u0159\u00edkopy a syst\u00e9m podzemn\u00edch chodeb. Po stalet\u00ed tvrz St\u0159\u00edbrn\u00e1 hora byla sv\u011bdkem kl\u00ed\u010dov\u00fdch ud\u00e1lost\u00ed, od napoleonsk\u00fdch v\u00e1lek po II sv\u011btovou v\u00e1lku. Tvrz St\u0159\u00edbrn\u00e1 hora je unik\u00e1tn\u00ed objekt evropsk\u00e9ho kulturn\u00edho d\u011bdictv\u00ed a jednou z nejv\u00fdznamn\u011bj\u0161\u00edch atrakc\u00ed Doln\u00edho Slezska. Rozloha cel\u00e9ho komlexu (106 ha) a jeho poloha na vrcholc\u00edch kopc\u016f umo\u017e\u0148uje pova\u017eovat tvrz za jednu z nejv\u011bt\u0161\u00edch horsk\u00fdch obrann\u00fdch staveb na na\u0161em kontinentu.  V roce 2002 byl zalo\u017een prvn\u00ed v republice Kulturn\u00ed park tvrze v St\u0159\u00edbrn\u00e9 ho\u0159e, jako kl\u00ed\u010dov\u00fd subjekt p\u0159i obnov\u011b a rozvoji fortifikace. Jedine\u010dnost a hodnota objektu byla uzn\u00e1na v roce 2004 Rozhodnut\u00edm prezidenta Polsk\u00e9 republiky, kdy z\u00edskal statut Historick\u00e9 pam\u00e1tky. Dne 15. kv\u011btna 2023 odborn\u00fd t\u00fdm Ministerstva kultury a n\u00e1rodn\u00edho d\u011bdictv\u00ed vydalo kladn\u00e9 rozhodnut\u00ed kandidatury tvrze St\u0159\u00edbrn\u00e1 hora k uveden\u00ed na polsk\u00fd p\u0159edb\u011b\u017en\u00fd seznam UNESCO. Je to za\u010d\u00e1tek a kl\u00ed\u010dov\u00fd prvek snahy spr\u00e1vn\u00ed rady o za\u0159azen\u00ed tohoto objektu na seznam sv\u011btov\u00e9ho d\u011bdictv\u00ed UNESCO. Nomina\u010dn\u00ed dokumentace s n\u00e1zvem: MODERN\u00cd HORSK\u00c9 TVRZE \u2013 JAKO ZACHOVAL\u00c9 P\u0158\u00cdKLADY TVAROV\u00c1N\u00cd KRAJINY PRO POT\u0158EBY MILIT\u00c1RN\u00cdCH IN\u017dEN\u00ddRSK\u00ddCH OBJEKT\u016e V sou\u010dasn\u00e9 dob\u011b pat\u0159\u00ed tvrz St\u0159\u00edbrn\u00e1 hora k jedn\u00edm z nejv\u011bt\u0161\u00edch \u201cpolygon\u016f pro ochranu p\u0159\u00edrody\u201d v Polsku. V t\u00e9to horsk\u00e9 tvrzi prob\u00edhaj\u00ed pr\u00e1ce za v\u00edce ne\u017e 45 milion\u016f PLN. V b\u00fdval\u00fdch vojensk\u00fdch izb\u00e1ch se bude nach\u00e1zet ubytovna pro 58 osob, restaurace a prosklen\u00e1 multimedi\u00e1ln\u00ed m\u00edstnost, stejn\u011b jako nov\u00e1 expozice souvisej\u00edc\u00ed s turistikou v tvrzi a skautskou akc\u00ed. D\u00edky t\u00e9to investici z\u00edsk\u00e1 Donjon zcela novou tv\u00e1\u0159, kter\u00e1 poskytne nov\u00e9 mo\u017enosti pobyt\u016f nejen jednodenn\u00edch, ale i dlouhodob\u00fdch. Prost\u0159edky na obnovu a modernizaci tvrze byly z\u00edskan\u00e9 z Region\u00e1ln\u00edho opera\u010dn\u00edho programu dolnoslezsk\u00e9ho vojvodstv\u00ed. Sou\u010dasn\u011b prob\u00edhaj\u00ed pr\u00e1ce na obnov\u011b dosud nep\u0159\u00edstupn\u00e9 \u010d\u00e1sti pevnosti, kter\u00e1 by\u0142a spolufinancov\u00e1na z fondu EHP. V r\u00e1mci projektu bude obnovena komunikace mezi obrann\u00fdmi budovami prost\u0159ednictv\u00edm rekonstrukce fortifika\u010dn\u00edch most\u016f. Jeden z padaj\u00edc\u00edhch d\u0159ev\u011bn\u00fdch most\u016f, kter\u00fd lze vid\u011bt z vrcholu Donjonu, lze pova\u017eovat za nejvy\u0161\u0161\u00ed a nejv\u011bt\u0161\u00ed ze v\u0161ech fortifika\u010dn\u00edch most\u016f v Evrop\u011b. V turistick\u00e9 nab\u00eddce bude nov\u00fd prohl\u00eddkov\u00fd okruh s n\u00e1zvem \u201cJak p\u0159ed 250 lety postaveno tvrz v St\u0159\u00edbrn\u00e9 ho\u0159e, druhou nejv\u011bt\u0161\u00ed tvrz v Evrop\u011b\u201d. Otev\u0159en\u00ed ji\u017e v kv\u011btnu 2024.  Nov\u00e1 expozice v Kavali\u00e9ru (v\u00edce ne\u017e 600 m2), bude vypln\u011bna modely, dior\u00e1my a mnoha multimedi\u00ed, kter\u00e9 n\u00e1v\u0161t\u011bvn\u00edk\u016fm p\u0159ibl\u00ed\u017e\u00ed, jak vznikaly na\u0161e evropsk\u00e9 pyramidy v St\u0159\u00edbrn\u00e9 ho\u0159e. V n\u00e1vaznosti na my\u0161lenku &#8211; \u017eiv\u00e9ho muzea \u2013 budou zde celoro\u010dn\u00ed workshopy a p\u0159ehl\u00eddky star\u00fdch \u0159emesel v rekonstruovan\u00e9m prostoru Lazaretu a Esplan\u00e1dy, kde vznikne mimo jin\u00e9 park historick\u00fdch stroj\u016f a repliky za\u0159\u00edzen\u00ed pou\u017e\u00edvan\u00fdch b\u011bhem stavby tvrzi. Program a atrace budou m\u00edt dopad na r\u016fzn\u00e9 odb\u011bratele, v\u010detn\u011b rodin s men\u0161\u00edmi d\u011btmi d\u00edky utvo\u0159en\u00ed glampingu \u2013 noclehu v historick\u00fdch podm\u00ednkach, v d\u016fstojnick\u00e9m stanu z XVIII stolet\u00ed nebo fortifika\u010dn\u00ed hrac\u00ed z\u00f3n\u011b pro d\u011bti spojen\u00e9 s fortifika\u010dn\u00edm vodn\u00edm syst\u00e9mem.  Bez ohhledu na prob\u00edjaj\u00edc\u00ed rekonstruk\u010dn\u00ed pr\u00e1ce je pevnost otev\u0159ena ka\u017ed\u00fd den. Individu\u00e1ln\u00ed turist\u00e9 se nemus\u00ed objedn\u00e1vat, prohl\u00eddky s pr\u016fvodcem b\u011bhem letn\u00ed sez\u00f3ny prob\u00edhaj\u00ed ka\u017ed\u00fdch p\u00e1r minut a v zimn\u00ed sez\u00f3n\u011b ka\u017edou hodinu. Krom\u011b komentovan\u00fdch prohl\u00eddek si n\u00e1v\u0161t\u011bvn\u00edci mohou jednotliv\u011b prohl\u00e9dnout dostupn\u00e1 m\u00edsta. Zvl\u00e1\u0161\u0165 zaj\u00edmav\u00fdm m\u00edstem je vyhl\u00eddkov\u00e1 terasa na vrcholu Donjonu. Na turisty tu \u010dek\u00e1 kr\u00e1sn\u00fd v\u00fdhled a zde si budou jisti, \u017ee v\u00fdstup na St\u0159\u00edbrnou horu st\u00e1l za n\u00e1mahu. Z vrcholu m\u016f\u017eeme vid\u011bt panorama sahaj\u00edc\u00ed k Opavsk\u00fdm hor\u00e1m a mas\u00edvu Sn\u011b\u017en\u00edku. Bl\u00ed\u017ee jsou listnat\u00e9 lesy na h\u0159ebenech Bardsk\u00fdch a Sov\u00edch hor. Krom\u011b trasy s komentovanou prohl\u00eddkou je zp\u0159\u00edstupn\u011bna zbrojovna a t\u00e9matick\u00e1 expozice tvrze \u201cSt\u0159\u00edbn\u00e1 hora na star\u00e9 pohlednici\u201d. Celkov\u011b prohl\u00eddka trv\u00e1 p\u0159ibli\u017en\u011b 1,5 \u2013 2 hodiny. Ka\u017edou sobotu po setm\u011bn\u00ed je zde no\u010dn\u00ed prohl\u00eddka. Pro zorganizovan\u00e9 skupiny tvrz nab\u00edz\u00ed zaj\u00edmav\u00e9 integra\u010dn\u00ed bal\u00ed\u010dky. A na unaven\u00e9 turisty \u010dekaj\u00ed v pokladn\u011b n\u00e1poje: \u010daj, k\u00e1va a v\u00fdborn\u00e1 hork\u00e1 \u010dokol\u00e1da. V\u00edce informac\u00ed zde: https:\/\/forty.pl\/ Projekt spolufinancov\u00e1n z prost\u0159edk\u016f Evropsk\u00e9 unie v r\u00e1mci programu \u010desko-polsk\u00e9 spolupr\u00e1ce.                                                                                                                                                                                                                                                                                                                                                                                          3.9\/5 - (9 votes)        "},{"@context":"https:\/\/schema.org\/","@type":"BreadcrumbList","itemListElement":[{"@type":"ListItem","position":1,"name":"Co se d\u011bje v nejv\u011bt\u0161\u00ed horsk\u00e9 tvrzi v Evrop\u011b? Zjisti a p\u0159esv\u011bd\u010d se s\u00e1m","item":"https:\/\/www.iret.cz\/co-se-deje-v-nejvetsi-horske-tvrzi-v-evrope-zjisti-a-presvedc-se-sam\/#breadcrumbitem"}]}]