[{"@context":"https:\/\/schema.org\/","@type":"Article","@id":"https:\/\/www.iret.cz\/pohled-do-budoucnosti\/#Article","mainEntityOfPage":"https:\/\/www.iret.cz\/pohled-do-budoucnosti\/","headline":"Pohled do budoucnosti","name":"Pohled do budoucnosti","description":"Ka\u017ed\u00fd rok je jin\u00fd a nejinak tomu bude i v tom, kter\u00fd n\u00e1s \u010dek\u00e1, tedy v roce 2020. Mo\u017en\u00e1 si \u0159\u00edk\u00e1te, \u017ee tento rok je zat\u00edm ve sv\u00e9 p\u016flce a \u017ee ten dal\u0161\u00ed je hodn\u011b daleko, ale \u010das let\u00ed a ne\u017e se nad\u011bjeme, budeme tu v\u00edtat ten nov\u00fd. Sou\u010dasn\u00e9 d\u011bn\u00ed nen\u00ed rozhodn\u011b nic nudn\u00e9ho a ... <a title=\"Pohled do budoucnosti\" class=\"read-more\" href=\"https:\/\/www.iret.cz\/pohled-do-budoucnosti\/\">Read more<span class=\"screen-reader-text\">Pohled do budoucnosti<\/span><\/a>","datePublished":"2019-06-12","dateModified":"2023-04-29","author":{"@type":"Person","@id":"https:\/\/www.iret.cz\/author\/#Person","name":"","url":"https:\/\/www.iret.cz\/author\/","identifier":1,"image":{"@type":"ImageObject","@id":"https:\/\/secure.gravatar.com\/avatar\/9478c3014fb8763e2a18691ad6bf83eff86429738afad80df8227ac472865e36?s=96&d=mm&r=g","url":"https:\/\/secure.gravatar.com\/avatar\/9478c3014fb8763e2a18691ad6bf83eff86429738afad80df8227ac472865e36?s=96&d=mm&r=g","height":96,"width":96}},"publisher":{"@type":"Organization","name":"iret.cz","logo":{"@type":"ImageObject","@id":"\/logo.png","url":"\/logo.png","width":600,"height":60}},"image":{"@type":"ImageObject","@id":"https:\/\/www.iret.cz\/wp-content\/uploads\/img_a349029_w2900_t1563856500.jpg","url":"https:\/\/www.iret.cz\/wp-content\/uploads\/img_a349029_w2900_t1563856500.jpg","height":0,"width":0},"url":"https:\/\/www.iret.cz\/pohled-do-budoucnosti\/","about":["Finance"],"wordCount":431,"articleBody":"Ka\u017ed\u00fd rok je jin\u00fd a nejinak tomu bude i v tom, kter\u00fd n\u00e1s \u010dek\u00e1, tedy v roce 2020. Mo\u017en\u00e1 si \u0159\u00edk\u00e1te, \u017ee tento rok je zat\u00edm ve sv\u00e9 p\u016flce a \u017ee ten dal\u0161\u00ed je hodn\u011b daleko, ale \u010das let\u00ed a ne\u017e se nad\u011bjeme, budeme tu v\u00edtat ten nov\u00fd. Sou\u010dasn\u00e9 d\u011bn\u00ed nen\u00ed rozhodn\u011b nic nudn\u00e9ho a b\u011b\u017en\u00e9ho \u010dlov\u011bka tr\u00e1p\u00ed p\u0159edev\u0161\u00edm ot\u00e1zka, kter\u00e1 se ho dot\u00fdk\u00e1 nejv\u00edce, a to ot\u00e1zka pen\u011bz, konkr\u00e9tn\u011b jak to bude s financemi v bl\u00edzk\u00e9 budoucnosti. A\u010d jsme jako st\u00e1t st\u00e1le ve schodku a asi je\u0161t\u011b dlouho budeme, co se t\u00fdk\u00e1 ve\u0159ejn\u00fdch financ\u00ed, tam jsou vyhl\u00eddky velice optimistick\u00e9. Pen\u011bz by v tomto sektoru m\u011blo p\u0159eb\u00fdvat, co\u017e je ur\u010dit\u011b pozitivn\u00ed zpr\u00e1va.  V\u0161e se \u0159\u00edd\u00ed pravidly rozpo\u010dtov\u00e9 odpov\u011bdnosti. Samoz\u0159ejm\u011b mus\u00ed b\u00fdt v\u0161e podle Evropsk\u00e9 unie, v\u0161e m\u00e1 sv\u00e1 pravidla a je zde i ovlivn\u011bn\u00ed rozpo\u010dtem st\u00e1tu. To, jak\u00e9 v\u00fddaje a jak\u00e9 konkr\u00e9tn\u00ed \u010d\u00e1stky p\u016fjdou do ve\u0159ejn\u00fdch financ\u00ed, je pln\u011b v kompetenci vl\u00e1dy. Jen pro lep\u0161\u00ed orientaci, p\u0159edchoz\u00ed rok byl i v tomto sm\u011bru \u00fasp\u011b\u0161n\u00fd, proto\u017ee u\u017e v n\u011bm bylo dosa\u017eeno p\u0159ebytku, a to zhruba \u0161est desetin hrub\u00e9ho dom\u00e1c\u00edho produktu.  Vl\u00e1da ji\u017e na ja\u0159e m\u011bla p\u0159edlo\u017eit do s\u00eddla Evropsk\u00e9 unie p\u0159edpokl\u00e1dan\u00fd rozpo\u010det pro pou\u017eit\u00ed ve\u0159ejn\u00fdch financ\u00ed. C\u00edlem je udr\u017eet p\u0159ebytek. Schodek by se m\u011bl postupn\u011b sni\u017eovat a v dohledn\u00e9 dob\u011b by ve\u0159ejn\u00e9 finance m\u011bly b\u00fdt v plusov\u00fdch \u010d\u00edslech. Za v\u0161emi t\u011bmito pozitivn\u00edmi zpr\u00e1vami stoj\u00ed to, \u017ee si dob\u0159e vede i ekonomika jako takov\u00e1. M\u011blo by tomu tak podle p\u0159edpokladu b\u00fdt i v n\u00e1sleduj\u00edc\u00edch letech, co\u017e je ur\u010dit\u011b dobr\u00e1 zpr\u00e1va.  Ov\u0161em k t\u00ed\u017ei mohou b\u00fdt i dal\u0161\u00ed okolnosti, jednou z nich je nap\u0159. pl\u00e1novan\u00e9 vystoupen\u00ed Velk\u00e9 Brit\u00e1nie z Evropsk\u00e9 unie. To, \u017ee si ve\u0159ejn\u00e9 finance vedou tak dob\u0159e, m\u00e1 i dal\u0161\u00ed d\u016fvody, dob\u0159e si vedly obce i poji\u0161\u0165ovny, i d\u00edky nim se m\u016f\u017ee ve\u0159ejn\u00fd sektor chlubit p\u0159ebytkem.  Nezb\u00fdv\u00e1 ne\u017e doufat, \u017ee takto pozitivn\u00ed zpr\u00e1vy budeme sl\u00fdchat co nej\u010dast\u011bji. Dobr\u00fdch zpr\u00e1v toti\u017e nen\u00ed nikdy dost.                                                                                                                                                                                                                                                                                                                                                                                          4.2\/5 - (9 votes)        "},{"@context":"https:\/\/schema.org\/","@type":"BreadcrumbList","itemListElement":[{"@type":"ListItem","position":1,"name":"Pohled do budoucnosti","item":"https:\/\/www.iret.cz\/pohled-do-budoucnosti\/#breadcrumbitem"}]}]