[{"@context":"https:\/\/schema.org\/","@type":"Article","@id":"https:\/\/www.iret.cz\/puffa-nejvetsi-trend-letosni-zimy\/#Article","mainEntityOfPage":"https:\/\/www.iret.cz\/puffa-nejvetsi-trend-letosni-zimy\/","headline":"Puffa &#8211; nejv\u011bt\u0161\u00ed trend leto\u0161n\u00ed zimy","name":"Puffa &#8211; nejv\u011bt\u0161\u00ed trend leto\u0161n\u00ed zimy","description":"&#13; Mysleli-jste si, \u017ee obrovsk\u00fdm nevzhledn\u00fdm p\u00e9\u0159ov\u00fdm bund\u00e1m u\u017e odzvonilo? M\u00fdlili jste se. Puffa &#8211; jin\u00fd n\u00e1zev pro p\u00e9\u0159ovou bundu &#8211; se stala hitem leto\u0161n\u00ed zimn\u00ed sez\u00f3ny a l\u00e1kaj\u00ed na ni v\u0161ichni m\u00f3dn\u00ed n\u00e1vrh\u00e1\u0159i. Huben\u00e9 modelky navle\u010den\u00e9 do ob\u0159\u00edch polstrovan\u00fdch bund na presti\u017en\u00edch m\u00f3dn\u00edch p\u0159ehl\u00eddk\u00e1ch jist\u011b mnoha lidem p\u0159ivedla \u0161ok, ale je to tak! &#13; ... <a title=\"Puffa &#8211; nejv\u011bt\u0161\u00ed trend leto\u0161n\u00ed zimy\" class=\"read-more\" href=\"https:\/\/www.iret.cz\/puffa-nejvetsi-trend-letosni-zimy\/\">Read more<span class=\"screen-reader-text\">Puffa &#8211; nejv\u011bt\u0161\u00ed trend leto\u0161n\u00ed zimy<\/span><\/a>","datePublished":"2020-10-15","dateModified":"2023-04-29","author":{"@type":"Person","@id":"https:\/\/www.iret.cz\/author\/#Person","name":"","url":"https:\/\/www.iret.cz\/author\/","identifier":1,"image":{"@type":"ImageObject","@id":"https:\/\/secure.gravatar.com\/avatar\/9478c3014fb8763e2a18691ad6bf83eff86429738afad80df8227ac472865e36?s=96&d=mm&r=g","url":"https:\/\/secure.gravatar.com\/avatar\/9478c3014fb8763e2a18691ad6bf83eff86429738afad80df8227ac472865e36?s=96&d=mm&r=g","height":96,"width":96}},"publisher":{"@type":"Organization","name":"iret.cz","logo":{"@type":"ImageObject","@id":"\/logo.png","url":"\/logo.png","width":600,"height":60}},"url":"https:\/\/www.iret.cz\/puffa-nejvetsi-trend-letosni-zimy\/","about":["M\u00f3da\r"],"wordCount":410,"articleBody":"&#13; Mysleli-jste si, \u017ee obrovsk\u00fdm nevzhledn\u00fdm p\u00e9\u0159ov\u00fdm bund\u00e1m u\u017e odzvonilo? M\u00fdlili jste se. Puffa &#8211; jin\u00fd n\u00e1zev pro p\u00e9\u0159ovou bundu &#8211; se stala hitem leto\u0161n\u00ed zimn\u00ed sez\u00f3ny a l\u00e1kaj\u00ed na ni v\u0161ichni m\u00f3dn\u00ed n\u00e1vrh\u00e1\u0159i. Huben\u00e9 modelky navle\u010den\u00e9 do ob\u0159\u00edch polstrovan\u00fdch bund na presti\u017en\u00edch m\u00f3dn\u00edch p\u0159ehl\u00eddk\u00e1ch jist\u011b mnoha lidem p\u0159ivedla \u0161ok, ale je to tak!&#13; Zaho\u010fte kab\u00e1ty, parky apod. v\u011bci, puffa v\u00e1s stejn\u011b z t\u011bch v\u0161ech kousk\u016f zah\u0159eje nejv\u00edce.&#13; Pamatujete si tu dobu, kdy pro\u0161\u00edvan\u00e1 bunda byla velmi IN hlavn\u011b na sjezdovk\u00e1ch, tak honem do sk\u0159\u00edn\u011b, proto\u017ee te\u010f se v n\u00ed m\u016f\u017eete promen\u00e1dovat i po ulici. Nev\u00edte jak j\u00ed nosit? Porad\u00edme v\u00e1m.&#13; &#13; Naducan\u00e1 bunda a podpatky? Jde to!&#13; \u017de si mus\u00edte k takov\u00e9 bund\u011b po\u0159\u00eddit po\u0159\u00e1dn\u00e9 \u201ebagan\u010data\u201c (hodn\u011b velk\u00e9, skoro horsk\u00e9 boty)? Ale v\u016fbec. Fashionisti jako je Louis Vuitton \u010di Stella McCartney ukazuj\u00ed, \u017ee to jde i jinak. Puffu m\u016f\u017eete kombinovat s teniskami, lodi\u010dkami i koza\u010dkami. Obl\u00e9ct si k n\u00ed m\u016f\u017eete slim kalhoty i sukni a po\u0159\u00e1d budete trendy a nemus\u00edte se b\u00e1t o svou pov\u011bst.&#13; Slavn\u00e1 jm\u00e9na m\u00f3dn\u00edho pr\u016fmyslu tak\u00e9 ukazuj\u00ed to, \u017ee u\u017e d\u00e1vno neplat\u00ed, \u017ee ten kdo vyjde v podobn\u00e9m modelu ven, mus\u00ed b\u00fdt zkr\u00e1tka \u010dlov\u011bk bez kousku vkusu.&#13; V\u0161ichni, kte\u0159\u00ed u\u017e na za\u010d\u00e1tku \u0159\u00edjna mrznou, se mohou radovat. Kone\u010dn\u011b jim bude teplo a je\u0161t\u011b se budou obl\u00e9kat podle nejnov\u011bj\u0161\u00ed m\u00f3dn\u00edch trend\u016f.&#13; V p\u0159\u00edpad\u011b, \u017ee nese\u017eenete sv\u016fj vysn\u011bn\u00fd model ve sv\u00e9 velikosti, nesmutn\u011bte. Kupte si v\u011bt\u0161\u00ed, p\u0159ep\u00e1sejte jej a \u0159ekn\u011bte, \u017ee se jedn\u00e1 o oversized bundu. A m\u00e1te vyhr\u00e1no. K tomu jednoduch\u00e9 kotn\u00edkov\u00e9 boty na podpatku a elegantn\u00ed a stylov\u00fd outfit je na sv\u011bt\u011b.&#13; Pokud m\u00e1te pocit, \u017ee se jedn\u00e1 o trapn\u00fd vt\u00edpek. Vyvedu v\u00e1s z omylu! Je to realita, ale up\u0159\u00edmn\u011b si mysl\u00edm, \u017ee je\u0161t\u011b v\u0161em n\u00e1vrh\u00e1\u0159\u016fm pod\u011bkujete, a\u017e kone\u010dn\u011b zimu p\u0159e\u017eijete v teple a bez ch\u0159ipky. A za\u017eila jsem teda mnohem bizarn\u011bj\u0161\u00ed m\u00f3dn\u00ed trendy &#8211; oproti nim je puffa proch\u00e1zka r\u016f\u017eovou zahradou.                                                                                                                                                                                                                                                                                                                                                                                        3.7\/5 - (7 votes)        "},{"@context":"https:\/\/schema.org\/","@type":"BreadcrumbList","itemListElement":[{"@type":"ListItem","position":1,"name":"Puffa &#8211; nejv\u011bt\u0161\u00ed trend leto\u0161n\u00ed zimy","item":"https:\/\/www.iret.cz\/puffa-nejvetsi-trend-letosni-zimy\/#breadcrumbitem"}]}]